{"id":464,"date":"2023-10-31T19:33:23","date_gmt":"2023-10-31T22:33:23","guid":{"rendered":"https:\/\/www.worktimerrhh.com.ar\/?p=464"},"modified":"2024-04-30T15:02:09","modified_gmt":"2024-04-30T18:02:09","slug":"elevando-el-potencial-el-training-day-impulsa-la-colaboracion-y-la-creatividad-en-conextube","status":"publish","type":"post","link":"https:\/\/www.worktimerrhh.com.ar\/?p=464","title":{"rendered":"\u00a0Elevando el Potencial: El Training Day Impulsa la Colaboraci\u00f3n y la Creatividad en Conextube"},"content":{"rendered":"<p>[et_pb_section fb_built=\u00bb1&#8243; _builder_version=\u00bb4.23&#8243; _module_preset=\u00bbdefault\u00bb custom_padding=\u00bb3px|||||\u00bb global_colors_info=\u00bb{}\u00bb][et_pb_row _builder_version=\u00bb4.23&#8243; _module_preset=\u00bbdefault\u00bb custom_padding=\u00bb3px|||||\u00bb global_colors_info=\u00bb{}\u00bb][et_pb_column type=\u00bb4_4&#8243; _builder_version=\u00bb4.23&#8243; _module_preset=\u00bbdefault\u00bb global_colors_info=\u00bb{}\u00bb][et_pb_image src=\u00bbhttps:\/\/www.worktimerrhh.com.ar\/wp-content\/uploads\/2023\/10\/DJI_0020-copia-BAJA-WEB.jpg\u00bb _builder_version=\u00bb4.23&#8243; _module_preset=\u00bbdefault\u00bb global_colors_info=\u00bb{}\u00bb][\/et_pb_image][et_pb_text _builder_version=\u00bb4.23&#8243; _module_preset=\u00bbdefault\u00bb text_font=\u00bbFieldwork Hum Thin||||||||\u00bb text_text_color=\u00bb#000000&#8243; text_font_size=\u00bb19px\u00bb text_font_size_tablet=\u00bb19px\u00bb text_font_size_phone=\u00bb19px\u00bb text_font_size_last_edited=\u00bbon|phone\u00bb global_colors_info=\u00bb{}\u00bb]<\/p>\n<p class=\"tm6\"><span class=\"tm7\">El domingo 28 de Octubre marc\u00f3 un hito significativo para el equipo comercial de Conextube, ya que tuvieron el privilegio de participar en un evento de desarrollo excepcionalmente dise\u00f1ado. Bajo la direcci\u00f3n conjunta de Work Time y Creando L\u00edderes Coaching, el Training Day no solo promovi\u00f3 la adquisici\u00f3n de habilidades cruciales, sino que tambi\u00e9n estableci\u00f3 un marco para la colaboraci\u00f3n, la diversi\u00f3n y la creatividad.<\/span><\/p>\n<p class=\"tm6\"><span class=\"tm7\">El evento, que se llev\u00f3 a cabo en un entorno estimulante y propicio para la reflexi\u00f3n, tuvo como objetivo potenciar el crecimiento profesional y personal de los participantes. A trav\u00e9s de una serie de actividades y din\u00e1micas estrat\u00e9gicamente seleccionadas, los miembros del equipo comercial de Conextube fueron desafiados a expandir sus horizontes y a explorar nuevas formas de abordar los desaf\u00edos cotidianos.<\/span><\/p>\n<p class=\"tm6\"><span class=\"tm7\">Una de las facetas m\u00e1s destacadas del d\u00eda fue la inclusi\u00f3n de actividades creativas que estimularon la innovaci\u00f3n y fomentaron la colaboraci\u00f3n entre los miembros del equipo. Estos ejercicios solidificaron los lazos entre los colegas, creando una atm\u00f3sfera de trabajo m\u00e1s unida y productiva.<\/span><\/p>\n<p class=\"tm6\"><span class=\"tm7\">Lo m\u00e1s inspirador del evento fue el ambiente de entusiasmo y positividad que perme\u00f3 en cada momento. Los participantes no solo se sintieron empoderados por su participaci\u00f3n en cada din\u00e1mica, sino que tambi\u00e9n experimentaron una nueva conexi\u00f3n con sus colegas y una mayor confianza en s\u00ed mismos y en el equipo en su conjunto.<\/span><\/p>\n<p class=\"tm6\"><span class=\"tm7\">Uno de los participantes comparti\u00f3 su experiencia: \u00abFue una jornada que super\u00f3 mis expectativas. Aprend\u00ed herramientas concretas que s\u00e9 que aplicar\u00e9 en mi d\u00eda a d\u00eda y, adem\u00e1s, disfrut\u00e9 cada momento junto a mis compa\u00f1eros de equipo\u00bb.<\/span><span class=\"tm7\">\u00a0<\/span><\/p>\n<p class=\"tm6\"><span class=\"tm7\">En resumen, el Training Day demostr\u00f3 ser un evento transformador que no solo dot\u00f3 al equipo comercial de Conextube con habilidades y conocimientos esenciales, sino que tambi\u00e9n cultiv\u00f3 la colaboraci\u00f3n y la creatividad en el coraz\u00f3n de la empresa. <\/span><\/p>\n<p class=\"tm6\"><span class=\"tm7\">La alianza entre Work Time, Creando L\u00edderes Coaching y Conextube es un ejemplo brillante de c\u00f3mo el compromiso con el crecimiento y la evoluci\u00f3n puede impulsar a un equipo hacia el \u00e9xito. Anticipamos con entusiasmo futuras colaboraciones que seguramente seguir\u00e1n inspirando y empoderando a los profesionales de esta destacada empresa.<\/span><\/p>\n<p>[\/et_pb_text][et_pb_video src=\u00bbhttps:\/\/www.youtube.com\/watch?v=tgQx-OSf_RI\u00bb _builder_version=\u00bb4.23&#8243; _module_preset=\u00bbdefault\u00bb hover_enabled=\u00bb0&#8243; sticky_enabled=\u00bb0&#8243;][\/et_pb_video][et_pb_image src=\u00bbhttps:\/\/www.worktimerrhh.com.ar\/wp-content\/uploads\/2023\/11\/DJI_0016-copia-BAJA-WEB.jpg\u00bb _builder_version=\u00bb4.23&#8243; _module_preset=\u00bbdefault\u00bb hover_enabled=\u00bb0&#8243; sticky_enabled=\u00bb0&#8243;][\/et_pb_image][\/et_pb_column][\/et_pb_row][\/et_pb_section]<\/p>\n","protected":false},"excerpt":{"rendered":"<p>El domingo 28 de Octubre marc\u00f3 un hito significativo para el equipo comercial de Conextube, ya que tuvieron el privilegio de participar en un evento de desarrollo excepcionalmente dise\u00f1ado. Bajo la direcci\u00f3n conjunta de Work Time y Creando L\u00edderes Coaching, el Training Day no solo promovi\u00f3 la adquisici\u00f3n de habilidades cruciales, sino que tambi\u00e9n estableci\u00f3 [&hellip;]<\/p>\n","protected":false},"author":1,"featured_media":470,"comment_status":"closed","ping_status":"closed","sticky":false,"template":"","format":"standard","meta":{"_et_pb_use_builder":"on","_et_pb_old_content":"","_et_gb_content_width":"","_joinchat":[],"footnotes":""},"categories":[1],"tags":[],"class_list":["post-464","post","type-post","status-publish","format-standard","has-post-thumbnail","hentry","category-sin-categoria"],"_links":{"self":[{"href":"https:\/\/www.worktimerrhh.com.ar\/index.php?rest_route=\/wp\/v2\/posts\/464","targetHints":{"allow":["GET"]}}],"collection":[{"href":"https:\/\/www.worktimerrhh.com.ar\/index.php?rest_route=\/wp\/v2\/posts"}],"about":[{"href":"https:\/\/www.worktimerrhh.com.ar\/index.php?rest_route=\/wp\/v2\/types\/post"}],"author":[{"embeddable":true,"href":"https:\/\/www.worktimerrhh.com.ar\/index.php?rest_route=\/wp\/v2\/users\/1"}],"replies":[{"embeddable":true,"href":"https:\/\/www.worktimerrhh.com.ar\/index.php?rest_route=%2Fwp%2Fv2%2Fcomments&post=464"}],"version-history":[{"count":7,"href":"https:\/\/www.worktimerrhh.com.ar\/index.php?rest_route=\/wp\/v2\/posts\/464\/revisions"}],"predecessor-version":[{"id":574,"href":"https:\/\/www.worktimerrhh.com.ar\/index.php?rest_route=\/wp\/v2\/posts\/464\/revisions\/574"}],"wp:featuredmedia":[{"embeddable":true,"href":"https:\/\/www.worktimerrhh.com.ar\/index.php?rest_route=\/wp\/v2\/media\/470"}],"wp:attachment":[{"href":"https:\/\/www.worktimerrhh.com.ar\/index.php?rest_route=%2Fwp%2Fv2%2Fmedia&parent=464"}],"wp:term":[{"taxonomy":"category","embeddable":true,"href":"https:\/\/www.worktimerrhh.com.ar\/index.php?rest_route=%2Fwp%2Fv2%2Fcategories&post=464"},{"taxonomy":"post_tag","embeddable":true,"href":"https:\/\/www.worktimerrhh.com.ar\/index.php?rest_route=%2Fwp%2Fv2%2Ftags&post=464"}],"curies":[{"name":"wp","href":"https:\/\/api.w.org\/{rel}","templated":true}]}}